{"id":35445,"date":"2026-09-01T15:51:50","date_gmt":"2026-09-01T13:51:50","guid":{"rendered":"https:\/\/lartisana.vda.it\/?p=35445"},"modified":"2026-09-01T16:04:20","modified_gmt":"2026-09-01T14:04:20","slug":"nouvel-artisan-du-bois","status":"publish","type":"post","link":"https:\/\/lartisana.vda.it\/fr\/boutiques\/nouvel-artisan-du-bois\/","title":{"rendered":"Nouvel artisan du bois"},"content":{"rendered":"\t\t<div data-elementor-type=\"wp-post\" data-elementor-id=\"35445\" class=\"elementor elementor-35445 elementor-35442\" data-elementor-post-type=\"post\">\n\t\t\t\t<div class=\"elementor-element elementor-element-7ddf93bc e-flex e-con-boxed e-con e-parent\" data-id=\"7ddf93bc\" data-element_type=\"container\">\n\t\t\t\t\t<div class=\"e-con-inner\">\n\t\t<div class=\"elementor-element elementor-element-e0e5e98 e-con-full e-flex e-con e-child\" data-id=\"e0e5e98\" data-element_type=\"container\" data-settings=\"{&quot;background_background&quot;:&quot;classic&quot;}\">\n\t\t\t\t<div class=\"elementor-element elementor-element-55573a66 elementor-widget__width-inherit elementor-widget elementor-widget-heading\" data-id=\"55573a66\" data-element_type=\"widget\" data-widget_type=\"heading.default\">\n\t\t\t\t<div class=\"elementor-widget-container\">\n\t\t\t\t\t<h1 class=\"elementor-heading-title elementor-size-default\">Nouvel artisan du bois<\/h1>\t\t\t\t<\/div>\n\t\t\t\t<\/div>\n\t\t\t\t<div class=\"elementor-element elementor-element-aa13ae9 elementor-widget elementor-widget-text-editor\" data-id=\"aa13ae9\" data-element_type=\"widget\" data-widget_type=\"text-editor.default\">\n\t\t\t\t<div class=\"elementor-widget-container\">\n\t\t\t\t\t\t\t\t\t1 septembre 2026\t\t\t\t\t\t\t\t<\/div>\n\t\t\t\t<\/div>\n\t\t\t\t<div class=\"elementor-element elementor-element-370c4eea elementor-widget elementor-widget-text-editor\" data-id=\"370c4eea\" data-element_type=\"widget\" data-widget_type=\"text-editor.default\">\n\t\t\t\t<div class=\"elementor-widget-container\">\n\t\t\t\t\t\t\t\t\t<p>Il entre dans le monde de l\u2019artisanat \u00e0 l\u2019\u00e2ge de 16 ans comme apprenti dans un atelier d\u2019orf\u00e8vrerie. Apr\u00e8s des \u00e9tudes d\u2019<strong>art et de musique<\/strong>, il d\u00e9veloppe un int\u00e9r\u00eat croissant pour les instruments de musique. Il obtient ensuite son dipl\u00f4me \u00e0 la Scuola Civica di <strong>Liuteria<\/strong> de Milan, o\u00f9 il est form\u00e9 par plusieurs luthiers de renomm\u00e9e internationale. Parall\u00e8lement, il apprend le tournage sur bois et ensuite il a \u00e9tendu sa pratique \u00e0 la <strong>gravure d\u00e9corative et \u00e0 la sculpture traditionnelle sur bois<\/strong>.<\/p><p>Apr\u00e8s des ann\u00e9es d\u2019\u00e9tudes et de formation, il cr\u00e9e sa propre entreprise de lutherie et d\u2019artisanat du bois.<\/p><p>Ses \u0153uvres naissent de la rencontre entre traditions ancestrales et sensibilit\u00e9s contemporaines, m\u00ealant techniques et langages divers pour cr\u00e9er un style personnel et \u00e9clectique.<\/p><p class=\"isSelectedEnd\">Vous pouvez d\u00e9sormais retrouver <strong>ses cr\u00e9ations dans nos boutiques<\/strong>.<\/p><p>Plus d\u2019infos ici : <a href=\"https:\/\/lartisana.vda.it\/fr\/artisan\/danieli-ory\/\"><strong>www.lartisana.vda.it\/artigiano\/fr\/ory-danieli\/<\/strong><\/a><\/p>\t\t\t\t\t\t\t\t<\/div>\n\t\t\t\t<\/div>\n\t\t\t\t<\/div>\n\t\t\t\t\t<\/div>\n\t\t\t\t<\/div>\n\t\t\t\t<\/div>\n\t\t","protected":false},"excerpt":{"rendered":"<p>Les objets d\u2019Ory Danieli dans nos boutiques<\/p>\n","protected":false},"author":10,"featured_media":34929,"comment_status":"closed","ping_status":"closed","sticky":false,"template":"","format":"standard","meta":{"_acf_changed":false,"footnotes":""},"categories":[399],"tags":[],"class_list":["post-35445","post","type-post","status-publish","format-standard","has-post-thumbnail","hentry","category-boutiques"],"acf":[],"yoast_head":"<!-- This site is optimized with the Yoast SEO plugin v27.2 - https:\/\/yoast.com\/product\/yoast-seo-wordpress\/ -->\n<title>Nouvel artisan du bois - L&#039;artisana<\/title>\n<meta name=\"robots\" content=\"index, follow, max-snippet:-1, max-image-preview:large, max-video-preview:-1\" \/>\n<link rel=\"canonical\" href=\"https:\/\/lartisana.vda.it\/fr\/boutiques\/nouvel-artisan-du-bois\/\" \/>\n<meta property=\"og:locale\" content=\"fr_FR\" \/>\n<meta property=\"og:type\" content=\"article\" \/>\n<meta property=\"og:title\" content=\"Nouvel artisan du bois - L&#039;artisana\" \/>\n<meta property=\"og:description\" content=\"Les objets d\u2019Ory Danieli dans nos boutiques\" \/>\n<meta property=\"og:url\" content=\"https:\/\/lartisana.vda.it\/fr\/boutiques\/nouvel-artisan-du-bois\/\" \/>\n<meta property=\"og:site_name\" content=\"L&#039;artisana\" \/>\n<meta property=\"article:published_time\" content=\"2026-09-01T13:51:50+00:00\" \/>\n<meta property=\"article:modified_time\" content=\"2026-09-01T14:04:20+00:00\" \/>\n<meta property=\"og:image\" content=\"https:\/\/lartisana.vda.it\/wp-content\/uploads\/2026\/06\/Ory-Danieli-quadrata.jpeg\" \/>\n\t<meta property=\"og:image:width\" content=\"960\" \/>\n\t<meta property=\"og:image:height\" content=\"960\" \/>\n\t<meta property=\"og:image:type\" content=\"image\/jpeg\" \/>\n<meta name=\"author\" content=\"Luce Pastoret\" \/>\n<meta name=\"twitter:card\" content=\"summary_large_image\" \/>\n<meta name=\"twitter:label1\" content=\"\u00c9crit par\" \/>\n\t<meta name=\"twitter:data1\" content=\"Luce Pastoret\" \/>\n\t<meta name=\"twitter:label2\" content=\"Dur\u00e9e de lecture estim\u00e9e\" \/>\n\t<meta name=\"twitter:data2\" content=\"1 minute\" \/>\n<script type=\"application\/ld+json\" class=\"yoast-schema-graph\">{\"@context\":\"https:\/\/schema.org\",\"@graph\":[{\"@type\":\"Article\",\"@id\":\"https:\/\/lartisana.vda.it\/fr\/boutiques\/nouvel-artisan-du-bois\/#article\",\"isPartOf\":{\"@id\":\"https:\/\/lartisana.vda.it\/fr\/boutiques\/nouvel-artisan-du-bois\/\"},\"author\":{\"name\":\"Luce Pastoret\",\"@id\":\"https:\/\/lartisana.vda.it\/fr\/#\/schema\/person\/ab590a3d0fa5714eca7b6c40367e7940\"},\"headline\":\"Nouvel artisan du bois\",\"datePublished\":\"2026-09-01T13:51:50+00:00\",\"dateModified\":\"2026-09-01T14:04:20+00:00\",\"mainEntityOfPage\":{\"@id\":\"https:\/\/lartisana.vda.it\/fr\/boutiques\/nouvel-artisan-du-bois\/\"},\"wordCount\":167,\"publisher\":{\"@id\":\"https:\/\/lartisana.vda.it\/fr\/#organization\"},\"image\":{\"@id\":\"https:\/\/lartisana.vda.it\/fr\/boutiques\/nouvel-artisan-du-bois\/#primaryimage\"},\"thumbnailUrl\":\"https:\/\/lartisana.vda.it\/wp-content\/uploads\/2026\/06\/Ory-Danieli-quadrata.jpeg\",\"articleSection\":[\"Boutiques\"],\"inLanguage\":\"fr-FR\"},{\"@type\":\"WebPage\",\"@id\":\"https:\/\/lartisana.vda.it\/fr\/boutiques\/nouvel-artisan-du-bois\/\",\"url\":\"https:\/\/lartisana.vda.it\/fr\/boutiques\/nouvel-artisan-du-bois\/\",\"name\":\"Nouvel artisan du bois - L&#039;artisana\",\"isPartOf\":{\"@id\":\"https:\/\/lartisana.vda.it\/fr\/#website\"},\"primaryImageOfPage\":{\"@id\":\"https:\/\/lartisana.vda.it\/fr\/boutiques\/nouvel-artisan-du-bois\/#primaryimage\"},\"image\":{\"@id\":\"https:\/\/lartisana.vda.it\/fr\/boutiques\/nouvel-artisan-du-bois\/#primaryimage\"},\"thumbnailUrl\":\"https:\/\/lartisana.vda.it\/wp-content\/uploads\/2026\/06\/Ory-Danieli-quadrata.jpeg\",\"datePublished\":\"2026-09-01T13:51:50+00:00\",\"dateModified\":\"2026-09-01T14:04:20+00:00\",\"breadcrumb\":{\"@id\":\"https:\/\/lartisana.vda.it\/fr\/boutiques\/nouvel-artisan-du-bois\/#breadcrumb\"},\"inLanguage\":\"fr-FR\",\"potentialAction\":[{\"@type\":\"ReadAction\",\"target\":[\"https:\/\/lartisana.vda.it\/fr\/boutiques\/nouvel-artisan-du-bois\/\"]}]},{\"@type\":\"ImageObject\",\"inLanguage\":\"fr-FR\",\"@id\":\"https:\/\/lartisana.vda.it\/fr\/boutiques\/nouvel-artisan-du-bois\/#primaryimage\",\"url\":\"https:\/\/lartisana.vda.it\/wp-content\/uploads\/2026\/06\/Ory-Danieli-quadrata.jpeg\",\"contentUrl\":\"https:\/\/lartisana.vda.it\/wp-content\/uploads\/2026\/06\/Ory-Danieli-quadrata.jpeg\",\"width\":960,\"height\":960},{\"@type\":\"BreadcrumbList\",\"@id\":\"https:\/\/lartisana.vda.it\/fr\/boutiques\/nouvel-artisan-du-bois\/#breadcrumb\",\"itemListElement\":[{\"@type\":\"ListItem\",\"position\":1,\"name\":\"Home\",\"item\":\"https:\/\/lartisana.vda.it\/fr\/\"},{\"@type\":\"ListItem\",\"position\":2,\"name\":\"Boutiques\",\"item\":\"https:\/\/lartisana.vda.it\/fr\/category\/boutiques\/\"},{\"@type\":\"ListItem\",\"position\":3,\"name\":\"Nouvel artisan du bois\"}]},{\"@type\":\"WebSite\",\"@id\":\"https:\/\/lartisana.vda.it\/fr\/#website\",\"url\":\"https:\/\/lartisana.vda.it\/fr\/\",\"name\":\"L&#039;artisana\",\"description\":\"\",\"publisher\":{\"@id\":\"https:\/\/lartisana.vda.it\/fr\/#organization\"},\"potentialAction\":[{\"@type\":\"SearchAction\",\"target\":{\"@type\":\"EntryPoint\",\"urlTemplate\":\"https:\/\/lartisana.vda.it\/fr\/?s={search_term_string}\"},\"query-input\":{\"@type\":\"PropertyValueSpecification\",\"valueRequired\":true,\"valueName\":\"search_term_string\"}}],\"inLanguage\":\"fr-FR\"},{\"@type\":\"Organization\",\"@id\":\"https:\/\/lartisana.vda.it\/fr\/#organization\",\"name\":\"L'artisana\",\"url\":\"https:\/\/lartisana.vda.it\/fr\/\",\"logo\":{\"@type\":\"ImageObject\",\"inLanguage\":\"fr-FR\",\"@id\":\"https:\/\/lartisana.vda.it\/fr\/#\/schema\/logo\/image\/\",\"url\":\"https:\/\/lartisana.vda.it\/wp-content\/uploads\/2024\/02\/Logo-lartisana-new.png\",\"contentUrl\":\"https:\/\/lartisana.vda.it\/wp-content\/uploads\/2024\/02\/Logo-lartisana-new.png\",\"width\":245,\"height\":70,\"caption\":\"L'artisana\"},\"image\":{\"@id\":\"https:\/\/lartisana.vda.it\/fr\/#\/schema\/logo\/image\/\"}},{\"@type\":\"Person\",\"@id\":\"https:\/\/lartisana.vda.it\/fr\/#\/schema\/person\/ab590a3d0fa5714eca7b6c40367e7940\",\"name\":\"Luce Pastoret\",\"url\":\"https:\/\/lartisana.vda.it\/fr\/author\/94a7e1e1b6e75f31\/\"}]}<\/script>\n<!-- \/ Yoast SEO plugin. -->","yoast_head_json":{"title":"Nouvel artisan du bois - L&#039;artisana","robots":{"index":"index","follow":"follow","max-snippet":"max-snippet:-1","max-image-preview":"max-image-preview:large","max-video-preview":"max-video-preview:-1"},"canonical":"https:\/\/lartisana.vda.it\/fr\/boutiques\/nouvel-artisan-du-bois\/","og_locale":"fr_FR","og_type":"article","og_title":"Nouvel artisan du bois - L&#039;artisana","og_description":"Les objets d\u2019Ory Danieli dans nos boutiques","og_url":"https:\/\/lartisana.vda.it\/fr\/boutiques\/nouvel-artisan-du-bois\/","og_site_name":"L&#039;artisana","article_published_time":"2026-09-01T13:51:50+00:00","article_modified_time":"2026-09-01T14:04:20+00:00","og_image":[{"width":960,"height":960,"url":"https:\/\/lartisana.vda.it\/wp-content\/uploads\/2026\/06\/Ory-Danieli-quadrata.jpeg","type":"image\/jpeg"}],"author":"Luce Pastoret","twitter_card":"summary_large_image","twitter_misc":{"\u00c9crit par":"Luce Pastoret","Dur\u00e9e de lecture estim\u00e9e":"1 minute"},"schema":{"@context":"https:\/\/schema.org","@graph":[{"@type":"Article","@id":"https:\/\/lartisana.vda.it\/fr\/boutiques\/nouvel-artisan-du-bois\/#article","isPartOf":{"@id":"https:\/\/lartisana.vda.it\/fr\/boutiques\/nouvel-artisan-du-bois\/"},"author":{"name":"Luce Pastoret","@id":"https:\/\/lartisana.vda.it\/fr\/#\/schema\/person\/ab590a3d0fa5714eca7b6c40367e7940"},"headline":"Nouvel artisan du bois","datePublished":"2026-09-01T13:51:50+00:00","dateModified":"2026-09-01T14:04:20+00:00","mainEntityOfPage":{"@id":"https:\/\/lartisana.vda.it\/fr\/boutiques\/nouvel-artisan-du-bois\/"},"wordCount":167,"publisher":{"@id":"https:\/\/lartisana.vda.it\/fr\/#organization"},"image":{"@id":"https:\/\/lartisana.vda.it\/fr\/boutiques\/nouvel-artisan-du-bois\/#primaryimage"},"thumbnailUrl":"https:\/\/lartisana.vda.it\/wp-content\/uploads\/2026\/06\/Ory-Danieli-quadrata.jpeg","articleSection":["Boutiques"],"inLanguage":"fr-FR"},{"@type":"WebPage","@id":"https:\/\/lartisana.vda.it\/fr\/boutiques\/nouvel-artisan-du-bois\/","url":"https:\/\/lartisana.vda.it\/fr\/boutiques\/nouvel-artisan-du-bois\/","name":"Nouvel artisan du bois - L&#039;artisana","isPartOf":{"@id":"https:\/\/lartisana.vda.it\/fr\/#website"},"primaryImageOfPage":{"@id":"https:\/\/lartisana.vda.it\/fr\/boutiques\/nouvel-artisan-du-bois\/#primaryimage"},"image":{"@id":"https:\/\/lartisana.vda.it\/fr\/boutiques\/nouvel-artisan-du-bois\/#primaryimage"},"thumbnailUrl":"https:\/\/lartisana.vda.it\/wp-content\/uploads\/2026\/06\/Ory-Danieli-quadrata.jpeg","datePublished":"2026-09-01T13:51:50+00:00","dateModified":"2026-09-01T14:04:20+00:00","breadcrumb":{"@id":"https:\/\/lartisana.vda.it\/fr\/boutiques\/nouvel-artisan-du-bois\/#breadcrumb"},"inLanguage":"fr-FR","potentialAction":[{"@type":"ReadAction","target":["https:\/\/lartisana.vda.it\/fr\/boutiques\/nouvel-artisan-du-bois\/"]}]},{"@type":"ImageObject","inLanguage":"fr-FR","@id":"https:\/\/lartisana.vda.it\/fr\/boutiques\/nouvel-artisan-du-bois\/#primaryimage","url":"https:\/\/lartisana.vda.it\/wp-content\/uploads\/2026\/06\/Ory-Danieli-quadrata.jpeg","contentUrl":"https:\/\/lartisana.vda.it\/wp-content\/uploads\/2026\/06\/Ory-Danieli-quadrata.jpeg","width":960,"height":960},{"@type":"BreadcrumbList","@id":"https:\/\/lartisana.vda.it\/fr\/boutiques\/nouvel-artisan-du-bois\/#breadcrumb","itemListElement":[{"@type":"ListItem","position":1,"name":"Home","item":"https:\/\/lartisana.vda.it\/fr\/"},{"@type":"ListItem","position":2,"name":"Boutiques","item":"https:\/\/lartisana.vda.it\/fr\/category\/boutiques\/"},{"@type":"ListItem","position":3,"name":"Nouvel artisan du bois"}]},{"@type":"WebSite","@id":"https:\/\/lartisana.vda.it\/fr\/#website","url":"https:\/\/lartisana.vda.it\/fr\/","name":"L&#039;artisana","description":"","publisher":{"@id":"https:\/\/lartisana.vda.it\/fr\/#organization"},"potentialAction":[{"@type":"SearchAction","target":{"@type":"EntryPoint","urlTemplate":"https:\/\/lartisana.vda.it\/fr\/?s={search_term_string}"},"query-input":{"@type":"PropertyValueSpecification","valueRequired":true,"valueName":"search_term_string"}}],"inLanguage":"fr-FR"},{"@type":"Organization","@id":"https:\/\/lartisana.vda.it\/fr\/#organization","name":"L'artisana","url":"https:\/\/lartisana.vda.it\/fr\/","logo":{"@type":"ImageObject","inLanguage":"fr-FR","@id":"https:\/\/lartisana.vda.it\/fr\/#\/schema\/logo\/image\/","url":"https:\/\/lartisana.vda.it\/wp-content\/uploads\/2024\/02\/Logo-lartisana-new.png","contentUrl":"https:\/\/lartisana.vda.it\/wp-content\/uploads\/2024\/02\/Logo-lartisana-new.png","width":245,"height":70,"caption":"L'artisana"},"image":{"@id":"https:\/\/lartisana.vda.it\/fr\/#\/schema\/logo\/image\/"}},{"@type":"Person","@id":"https:\/\/lartisana.vda.it\/fr\/#\/schema\/person\/ab590a3d0fa5714eca7b6c40367e7940","name":"Luce Pastoret","url":"https:\/\/lartisana.vda.it\/fr\/author\/94a7e1e1b6e75f31\/"}]}},"_links":{"self":[{"href":"https:\/\/lartisana.vda.it\/fr\/wp-json\/wp\/v2\/posts\/35445","targetHints":{"allow":["GET"]}}],"collection":[{"href":"https:\/\/lartisana.vda.it\/fr\/wp-json\/wp\/v2\/posts"}],"about":[{"href":"https:\/\/lartisana.vda.it\/fr\/wp-json\/wp\/v2\/types\/post"}],"author":[{"embeddable":true,"href":"https:\/\/lartisana.vda.it\/fr\/wp-json\/wp\/v2\/users\/10"}],"replies":[{"embeddable":true,"href":"https:\/\/lartisana.vda.it\/fr\/wp-json\/wp\/v2\/comments?post=35445"}],"version-history":[{"count":5,"href":"https:\/\/lartisana.vda.it\/fr\/wp-json\/wp\/v2\/posts\/35445\/revisions"}],"predecessor-version":[{"id":35458,"href":"https:\/\/lartisana.vda.it\/fr\/wp-json\/wp\/v2\/posts\/35445\/revisions\/35458"}],"wp:featuredmedia":[{"embeddable":true,"href":"https:\/\/lartisana.vda.it\/fr\/wp-json\/wp\/v2\/media\/34929"}],"wp:attachment":[{"href":"https:\/\/lartisana.vda.it\/fr\/wp-json\/wp\/v2\/media?parent=35445"}],"wp:term":[{"taxonomy":"category","embeddable":true,"href":"https:\/\/lartisana.vda.it\/fr\/wp-json\/wp\/v2\/categories?post=35445"},{"taxonomy":"post_tag","embeddable":true,"href":"https:\/\/lartisana.vda.it\/fr\/wp-json\/wp\/v2\/tags?post=35445"}],"curies":[{"name":"wp","href":"https:\/\/api.w.org\/{rel}","templated":true}]}}