{"id":31408,"date":"2025-08-29T11:41:14","date_gmt":"2025-08-29T09:41:14","guid":{"rendered":"https:\/\/lartisana.vda.it\/?p=31408"},"modified":"2025-08-29T11:45:04","modified_gmt":"2025-08-29T09:45:04","slug":"bienvenue-a-la-cooperative-la-sorgente","status":"publish","type":"post","link":"https:\/\/lartisana.vda.it\/fr\/boutiques\/bienvenue-a-la-cooperative-la-sorgente\/","title":{"rendered":"Bienvenue \u00e0 la Coop\u00e9rative La Sorgente !"},"content":{"rendered":"\t\t<div data-elementor-type=\"wp-post\" data-elementor-id=\"31408\" class=\"elementor elementor-31408 elementor-31406\" data-elementor-post-type=\"post\">\n\t\t\t\t<div class=\"elementor-element elementor-element-7ddf93bc e-flex e-con-boxed e-con e-parent\" data-id=\"7ddf93bc\" data-element_type=\"container\">\n\t\t\t\t\t<div class=\"e-con-inner\">\n\t\t<div class=\"elementor-element elementor-element-e0e5e98 e-con-full e-flex e-con e-child\" data-id=\"e0e5e98\" data-element_type=\"container\" data-settings=\"{&quot;background_background&quot;:&quot;classic&quot;}\">\n\t\t\t\t<div class=\"elementor-element elementor-element-55573a66 elementor-widget__width-inherit elementor-widget elementor-widget-heading\" data-id=\"55573a66\" data-element_type=\"widget\" data-widget_type=\"heading.default\">\n\t\t\t\t<div class=\"elementor-widget-container\">\n\t\t\t\t\t<h1 class=\"elementor-heading-title elementor-size-default\">Bienvenue \u00e0 la Coop\u00e9rative La Sorgente !<\/h1>\t\t\t\t<\/div>\n\t\t\t\t<\/div>\n\t\t\t\t<div class=\"elementor-element elementor-element-aa13ae9 elementor-widget elementor-widget-text-editor\" data-id=\"aa13ae9\" data-element_type=\"widget\" data-widget_type=\"text-editor.default\">\n\t\t\t\t<div class=\"elementor-widget-container\">\n\t\t\t\t\t\t\t\t\t1 septembre 2025\t\t\t\t\t\t\t\t<\/div>\n\t\t\t\t<\/div>\n\t\t\t\t<div class=\"elementor-element elementor-element-370c4eea elementor-widget elementor-widget-text-editor\" data-id=\"370c4eea\" data-element_type=\"widget\" data-widget_type=\"text-editor.default\">\n\t\t\t\t<div class=\"elementor-widget-container\">\n\t\t\t\t\t\t\t\t\t<p>Les ateliers artisanaux de la coop\u00e9rative La Sorgente ont vu le jour en 2018 au sein des centres de jour Orchidea et Myosotis, afin d\u2019offrir une exp\u00e9rience professionnelle \u00e0 des personnes en situation de handicap. Au fil du temps, le personnel en charge des ateliers a b\u00e9n\u00e9fici\u00e9 des conseils de nombreux artisans locaux pour identifier les techniques les mieux adapt\u00e9es aux caract\u00e9ristiques de chaque participant. Les produits sont des pi\u00e8ces uniques, r\u00e9alis\u00e9es \u00e0 la main en bois et en argile, dans le respect de la tradition vald\u00f4taine. Les essences de bois utilis\u00e9es comprennent le noyer, le ch\u00e2taignier, le pin cembro, l\u2019\u00e9rable, le tilleul, le ch\u00eane et le m\u00e9l\u00e8ze. Les animaux, tels que les coqs ou les tat\u00e0 en forme de chevaux, bouquetins et vaches, ont trouv\u00e9 leur place au fil des ans dans les foires r\u00e9gionales, aux c\u00f4t\u00e9s d\u2019objets de table en c\u00e9ramique d\u00e9cor\u00e9s avec des couleurs vives.<\/p>\t\t\t\t\t\t\t\t<\/div>\n\t\t\t\t<\/div>\n\t\t\t\t<\/div>\n\t\t\t\t\t<\/div>\n\t\t\t\t<\/div>\n\t\t\t\t<\/div>\n\t\t","protected":false},"excerpt":{"rendered":"<p>Cr\u00e9ateurs d\u2019objets en bois et en c\u00e9ramique<\/p>\n","protected":false},"author":10,"featured_media":30599,"comment_status":"closed","ping_status":"closed","sticky":false,"template":"","format":"standard","meta":{"_acf_changed":false,"footnotes":""},"categories":[399],"tags":[],"class_list":["post-31408","post","type-post","status-publish","format-standard","has-post-thumbnail","hentry","category-boutiques"],"acf":[],"yoast_head":"<!-- This site is optimized with the Yoast SEO plugin v27.2 - https:\/\/yoast.com\/product\/yoast-seo-wordpress\/ -->\n<title>Bienvenue \u00e0 la Coop\u00e9rative La Sorgente ! - L&#039;artisana<\/title>\n<meta name=\"robots\" content=\"index, follow, max-snippet:-1, max-image-preview:large, max-video-preview:-1\" \/>\n<link rel=\"canonical\" href=\"https:\/\/lartisana.vda.it\/fr\/boutiques\/bienvenue-a-la-cooperative-la-sorgente\/\" \/>\n<meta property=\"og:locale\" content=\"fr_FR\" \/>\n<meta property=\"og:type\" content=\"article\" \/>\n<meta property=\"og:title\" content=\"Bienvenue \u00e0 la Coop\u00e9rative La Sorgente ! - L&#039;artisana\" \/>\n<meta property=\"og:description\" content=\"Cr\u00e9ateurs d\u2019objets en bois et en c\u00e9ramique\" \/>\n<meta property=\"og:url\" content=\"https:\/\/lartisana.vda.it\/fr\/boutiques\/bienvenue-a-la-cooperative-la-sorgente\/\" \/>\n<meta property=\"og:site_name\" content=\"L&#039;artisana\" \/>\n<meta property=\"article:published_time\" content=\"2025-08-29T09:41:14+00:00\" \/>\n<meta property=\"article:modified_time\" content=\"2025-08-29T09:45:04+00:00\" \/>\n<meta property=\"og:image\" content=\"https:\/\/lartisana.vda.it\/wp-content\/uploads\/2025\/07\/Coop-la-sorgente.jpg\" \/>\n\t<meta property=\"og:image:width\" content=\"1083\" \/>\n\t<meta property=\"og:image:height\" content=\"800\" \/>\n\t<meta property=\"og:image:type\" content=\"image\/jpeg\" \/>\n<meta name=\"author\" content=\"Luce Pastoret\" \/>\n<meta name=\"twitter:card\" content=\"summary_large_image\" \/>\n<meta name=\"twitter:label1\" content=\"\u00c9crit par\" \/>\n\t<meta name=\"twitter:data1\" content=\"Luce Pastoret\" \/>\n\t<meta name=\"twitter:label2\" content=\"Dur\u00e9e de lecture estim\u00e9e\" \/>\n\t<meta name=\"twitter:data2\" content=\"1 minute\" \/>\n<script type=\"application\/ld+json\" class=\"yoast-schema-graph\">{\"@context\":\"https:\/\/schema.org\",\"@graph\":[{\"@type\":\"Article\",\"@id\":\"https:\/\/lartisana.vda.it\/fr\/boutiques\/bienvenue-a-la-cooperative-la-sorgente\/#article\",\"isPartOf\":{\"@id\":\"https:\/\/lartisana.vda.it\/fr\/boutiques\/bienvenue-a-la-cooperative-la-sorgente\/\"},\"author\":{\"name\":\"Luce Pastoret\",\"@id\":\"https:\/\/lartisana.vda.it\/fr\/#\/schema\/person\/ab590a3d0fa5714eca7b6c40367e7940\"},\"headline\":\"Bienvenue \u00e0 la Coop\u00e9rative La Sorgente !\",\"datePublished\":\"2025-08-29T09:41:14+00:00\",\"dateModified\":\"2025-08-29T09:45:04+00:00\",\"mainEntityOfPage\":{\"@id\":\"https:\/\/lartisana.vda.it\/fr\/boutiques\/bienvenue-a-la-cooperative-la-sorgente\/\"},\"wordCount\":175,\"publisher\":{\"@id\":\"https:\/\/lartisana.vda.it\/fr\/#organization\"},\"image\":{\"@id\":\"https:\/\/lartisana.vda.it\/fr\/boutiques\/bienvenue-a-la-cooperative-la-sorgente\/#primaryimage\"},\"thumbnailUrl\":\"https:\/\/lartisana.vda.it\/wp-content\/uploads\/2025\/07\/Coop-la-sorgente.jpg\",\"articleSection\":[\"Boutiques\"],\"inLanguage\":\"fr-FR\"},{\"@type\":\"WebPage\",\"@id\":\"https:\/\/lartisana.vda.it\/fr\/boutiques\/bienvenue-a-la-cooperative-la-sorgente\/\",\"url\":\"https:\/\/lartisana.vda.it\/fr\/boutiques\/bienvenue-a-la-cooperative-la-sorgente\/\",\"name\":\"Bienvenue \u00e0 la Coop\u00e9rative La Sorgente ! - L&#039;artisana\",\"isPartOf\":{\"@id\":\"https:\/\/lartisana.vda.it\/fr\/#website\"},\"primaryImageOfPage\":{\"@id\":\"https:\/\/lartisana.vda.it\/fr\/boutiques\/bienvenue-a-la-cooperative-la-sorgente\/#primaryimage\"},\"image\":{\"@id\":\"https:\/\/lartisana.vda.it\/fr\/boutiques\/bienvenue-a-la-cooperative-la-sorgente\/#primaryimage\"},\"thumbnailUrl\":\"https:\/\/lartisana.vda.it\/wp-content\/uploads\/2025\/07\/Coop-la-sorgente.jpg\",\"datePublished\":\"2025-08-29T09:41:14+00:00\",\"dateModified\":\"2025-08-29T09:45:04+00:00\",\"breadcrumb\":{\"@id\":\"https:\/\/lartisana.vda.it\/fr\/boutiques\/bienvenue-a-la-cooperative-la-sorgente\/#breadcrumb\"},\"inLanguage\":\"fr-FR\",\"potentialAction\":[{\"@type\":\"ReadAction\",\"target\":[\"https:\/\/lartisana.vda.it\/fr\/boutiques\/bienvenue-a-la-cooperative-la-sorgente\/\"]}]},{\"@type\":\"ImageObject\",\"inLanguage\":\"fr-FR\",\"@id\":\"https:\/\/lartisana.vda.it\/fr\/boutiques\/bienvenue-a-la-cooperative-la-sorgente\/#primaryimage\",\"url\":\"https:\/\/lartisana.vda.it\/wp-content\/uploads\/2025\/07\/Coop-la-sorgente.jpg\",\"contentUrl\":\"https:\/\/lartisana.vda.it\/wp-content\/uploads\/2025\/07\/Coop-la-sorgente.jpg\",\"width\":1083,\"height\":800},{\"@type\":\"BreadcrumbList\",\"@id\":\"https:\/\/lartisana.vda.it\/fr\/boutiques\/bienvenue-a-la-cooperative-la-sorgente\/#breadcrumb\",\"itemListElement\":[{\"@type\":\"ListItem\",\"position\":1,\"name\":\"Home\",\"item\":\"https:\/\/lartisana.vda.it\/fr\/\"},{\"@type\":\"ListItem\",\"position\":2,\"name\":\"Boutiques\",\"item\":\"https:\/\/lartisana.vda.it\/fr\/category\/boutiques\/\"},{\"@type\":\"ListItem\",\"position\":3,\"name\":\"Bienvenue \u00e0 la Coop\u00e9rative La Sorgente !\"}]},{\"@type\":\"WebSite\",\"@id\":\"https:\/\/lartisana.vda.it\/fr\/#website\",\"url\":\"https:\/\/lartisana.vda.it\/fr\/\",\"name\":\"L&#039;artisana\",\"description\":\"\",\"publisher\":{\"@id\":\"https:\/\/lartisana.vda.it\/fr\/#organization\"},\"potentialAction\":[{\"@type\":\"SearchAction\",\"target\":{\"@type\":\"EntryPoint\",\"urlTemplate\":\"https:\/\/lartisana.vda.it\/fr\/?s={search_term_string}\"},\"query-input\":{\"@type\":\"PropertyValueSpecification\",\"valueRequired\":true,\"valueName\":\"search_term_string\"}}],\"inLanguage\":\"fr-FR\"},{\"@type\":\"Organization\",\"@id\":\"https:\/\/lartisana.vda.it\/fr\/#organization\",\"name\":\"L'artisana\",\"url\":\"https:\/\/lartisana.vda.it\/fr\/\",\"logo\":{\"@type\":\"ImageObject\",\"inLanguage\":\"fr-FR\",\"@id\":\"https:\/\/lartisana.vda.it\/fr\/#\/schema\/logo\/image\/\",\"url\":\"https:\/\/lartisana.vda.it\/wp-content\/uploads\/2024\/02\/Logo-lartisana-new.png\",\"contentUrl\":\"https:\/\/lartisana.vda.it\/wp-content\/uploads\/2024\/02\/Logo-lartisana-new.png\",\"width\":245,\"height\":70,\"caption\":\"L'artisana\"},\"image\":{\"@id\":\"https:\/\/lartisana.vda.it\/fr\/#\/schema\/logo\/image\/\"}},{\"@type\":\"Person\",\"@id\":\"https:\/\/lartisana.vda.it\/fr\/#\/schema\/person\/ab590a3d0fa5714eca7b6c40367e7940\",\"name\":\"Luce Pastoret\",\"url\":\"https:\/\/lartisana.vda.it\/fr\/author\/94a7e1e1b6e75f31\/\"}]}<\/script>\n<!-- \/ Yoast SEO plugin. -->","yoast_head_json":{"title":"Bienvenue \u00e0 la Coop\u00e9rative La Sorgente ! - L&#039;artisana","robots":{"index":"index","follow":"follow","max-snippet":"max-snippet:-1","max-image-preview":"max-image-preview:large","max-video-preview":"max-video-preview:-1"},"canonical":"https:\/\/lartisana.vda.it\/fr\/boutiques\/bienvenue-a-la-cooperative-la-sorgente\/","og_locale":"fr_FR","og_type":"article","og_title":"Bienvenue \u00e0 la Coop\u00e9rative La Sorgente ! - L&#039;artisana","og_description":"Cr\u00e9ateurs d\u2019objets en bois et en c\u00e9ramique","og_url":"https:\/\/lartisana.vda.it\/fr\/boutiques\/bienvenue-a-la-cooperative-la-sorgente\/","og_site_name":"L&#039;artisana","article_published_time":"2025-08-29T09:41:14+00:00","article_modified_time":"2025-08-29T09:45:04+00:00","og_image":[{"width":1083,"height":800,"url":"https:\/\/lartisana.vda.it\/wp-content\/uploads\/2025\/07\/Coop-la-sorgente.jpg","type":"image\/jpeg"}],"author":"Luce Pastoret","twitter_card":"summary_large_image","twitter_misc":{"\u00c9crit par":"Luce Pastoret","Dur\u00e9e de lecture estim\u00e9e":"1 minute"},"schema":{"@context":"https:\/\/schema.org","@graph":[{"@type":"Article","@id":"https:\/\/lartisana.vda.it\/fr\/boutiques\/bienvenue-a-la-cooperative-la-sorgente\/#article","isPartOf":{"@id":"https:\/\/lartisana.vda.it\/fr\/boutiques\/bienvenue-a-la-cooperative-la-sorgente\/"},"author":{"name":"Luce Pastoret","@id":"https:\/\/lartisana.vda.it\/fr\/#\/schema\/person\/ab590a3d0fa5714eca7b6c40367e7940"},"headline":"Bienvenue \u00e0 la Coop\u00e9rative La Sorgente !","datePublished":"2025-08-29T09:41:14+00:00","dateModified":"2025-08-29T09:45:04+00:00","mainEntityOfPage":{"@id":"https:\/\/lartisana.vda.it\/fr\/boutiques\/bienvenue-a-la-cooperative-la-sorgente\/"},"wordCount":175,"publisher":{"@id":"https:\/\/lartisana.vda.it\/fr\/#organization"},"image":{"@id":"https:\/\/lartisana.vda.it\/fr\/boutiques\/bienvenue-a-la-cooperative-la-sorgente\/#primaryimage"},"thumbnailUrl":"https:\/\/lartisana.vda.it\/wp-content\/uploads\/2025\/07\/Coop-la-sorgente.jpg","articleSection":["Boutiques"],"inLanguage":"fr-FR"},{"@type":"WebPage","@id":"https:\/\/lartisana.vda.it\/fr\/boutiques\/bienvenue-a-la-cooperative-la-sorgente\/","url":"https:\/\/lartisana.vda.it\/fr\/boutiques\/bienvenue-a-la-cooperative-la-sorgente\/","name":"Bienvenue \u00e0 la Coop\u00e9rative La Sorgente ! - L&#039;artisana","isPartOf":{"@id":"https:\/\/lartisana.vda.it\/fr\/#website"},"primaryImageOfPage":{"@id":"https:\/\/lartisana.vda.it\/fr\/boutiques\/bienvenue-a-la-cooperative-la-sorgente\/#primaryimage"},"image":{"@id":"https:\/\/lartisana.vda.it\/fr\/boutiques\/bienvenue-a-la-cooperative-la-sorgente\/#primaryimage"},"thumbnailUrl":"https:\/\/lartisana.vda.it\/wp-content\/uploads\/2025\/07\/Coop-la-sorgente.jpg","datePublished":"2025-08-29T09:41:14+00:00","dateModified":"2025-08-29T09:45:04+00:00","breadcrumb":{"@id":"https:\/\/lartisana.vda.it\/fr\/boutiques\/bienvenue-a-la-cooperative-la-sorgente\/#breadcrumb"},"inLanguage":"fr-FR","potentialAction":[{"@type":"ReadAction","target":["https:\/\/lartisana.vda.it\/fr\/boutiques\/bienvenue-a-la-cooperative-la-sorgente\/"]}]},{"@type":"ImageObject","inLanguage":"fr-FR","@id":"https:\/\/lartisana.vda.it\/fr\/boutiques\/bienvenue-a-la-cooperative-la-sorgente\/#primaryimage","url":"https:\/\/lartisana.vda.it\/wp-content\/uploads\/2025\/07\/Coop-la-sorgente.jpg","contentUrl":"https:\/\/lartisana.vda.it\/wp-content\/uploads\/2025\/07\/Coop-la-sorgente.jpg","width":1083,"height":800},{"@type":"BreadcrumbList","@id":"https:\/\/lartisana.vda.it\/fr\/boutiques\/bienvenue-a-la-cooperative-la-sorgente\/#breadcrumb","itemListElement":[{"@type":"ListItem","position":1,"name":"Home","item":"https:\/\/lartisana.vda.it\/fr\/"},{"@type":"ListItem","position":2,"name":"Boutiques","item":"https:\/\/lartisana.vda.it\/fr\/category\/boutiques\/"},{"@type":"ListItem","position":3,"name":"Bienvenue \u00e0 la Coop\u00e9rative La Sorgente !"}]},{"@type":"WebSite","@id":"https:\/\/lartisana.vda.it\/fr\/#website","url":"https:\/\/lartisana.vda.it\/fr\/","name":"L&#039;artisana","description":"","publisher":{"@id":"https:\/\/lartisana.vda.it\/fr\/#organization"},"potentialAction":[{"@type":"SearchAction","target":{"@type":"EntryPoint","urlTemplate":"https:\/\/lartisana.vda.it\/fr\/?s={search_term_string}"},"query-input":{"@type":"PropertyValueSpecification","valueRequired":true,"valueName":"search_term_string"}}],"inLanguage":"fr-FR"},{"@type":"Organization","@id":"https:\/\/lartisana.vda.it\/fr\/#organization","name":"L'artisana","url":"https:\/\/lartisana.vda.it\/fr\/","logo":{"@type":"ImageObject","inLanguage":"fr-FR","@id":"https:\/\/lartisana.vda.it\/fr\/#\/schema\/logo\/image\/","url":"https:\/\/lartisana.vda.it\/wp-content\/uploads\/2024\/02\/Logo-lartisana-new.png","contentUrl":"https:\/\/lartisana.vda.it\/wp-content\/uploads\/2024\/02\/Logo-lartisana-new.png","width":245,"height":70,"caption":"L'artisana"},"image":{"@id":"https:\/\/lartisana.vda.it\/fr\/#\/schema\/logo\/image\/"}},{"@type":"Person","@id":"https:\/\/lartisana.vda.it\/fr\/#\/schema\/person\/ab590a3d0fa5714eca7b6c40367e7940","name":"Luce Pastoret","url":"https:\/\/lartisana.vda.it\/fr\/author\/94a7e1e1b6e75f31\/"}]}},"_links":{"self":[{"href":"https:\/\/lartisana.vda.it\/fr\/wp-json\/wp\/v2\/posts\/31408","targetHints":{"allow":["GET"]}}],"collection":[{"href":"https:\/\/lartisana.vda.it\/fr\/wp-json\/wp\/v2\/posts"}],"about":[{"href":"https:\/\/lartisana.vda.it\/fr\/wp-json\/wp\/v2\/types\/post"}],"author":[{"embeddable":true,"href":"https:\/\/lartisana.vda.it\/fr\/wp-json\/wp\/v2\/users\/10"}],"replies":[{"embeddable":true,"href":"https:\/\/lartisana.vda.it\/fr\/wp-json\/wp\/v2\/comments?post=31408"}],"version-history":[{"count":4,"href":"https:\/\/lartisana.vda.it\/fr\/wp-json\/wp\/v2\/posts\/31408\/revisions"}],"predecessor-version":[{"id":31420,"href":"https:\/\/lartisana.vda.it\/fr\/wp-json\/wp\/v2\/posts\/31408\/revisions\/31420"}],"wp:featuredmedia":[{"embeddable":true,"href":"https:\/\/lartisana.vda.it\/fr\/wp-json\/wp\/v2\/media\/30599"}],"wp:attachment":[{"href":"https:\/\/lartisana.vda.it\/fr\/wp-json\/wp\/v2\/media?parent=31408"}],"wp:term":[{"taxonomy":"category","embeddable":true,"href":"https:\/\/lartisana.vda.it\/fr\/wp-json\/wp\/v2\/categories?post=31408"},{"taxonomy":"post_tag","embeddable":true,"href":"https:\/\/lartisana.vda.it\/fr\/wp-json\/wp\/v2\/tags?post=31408"}],"curies":[{"name":"wp","href":"https:\/\/api.w.org\/{rel}","templated":true}]}}