{"id":31342,"date":"2025-08-18T09:48:00","date_gmt":"2025-08-18T07:48:00","guid":{"rendered":"https:\/\/lartisana.vda.it\/?p=31342"},"modified":"2025-08-18T09:52:08","modified_gmt":"2025-08-18T07:52:08","slug":"sabofer-nouveau-artisan-apporteur","status":"publish","type":"post","link":"https:\/\/lartisana.vda.it\/fr\/boutiques\/sabofer-nouveau-artisan-apporteur\/","title":{"rendered":"Sabofer, nouveau artisan apporteur"},"content":{"rendered":"\t\t<div data-elementor-type=\"wp-post\" data-elementor-id=\"31342\" class=\"elementor elementor-31342 elementor-31340\" data-elementor-post-type=\"post\">\n\t\t\t\t<div class=\"elementor-element elementor-element-7ddf93bc e-flex e-con-boxed e-con e-parent\" data-id=\"7ddf93bc\" data-element_type=\"container\">\n\t\t\t\t\t<div class=\"e-con-inner\">\n\t\t<div class=\"elementor-element elementor-element-e0e5e98 e-con-full e-flex e-con e-child\" data-id=\"e0e5e98\" data-element_type=\"container\" data-settings=\"{&quot;background_background&quot;:&quot;classic&quot;}\">\n\t\t\t\t<div class=\"elementor-element elementor-element-55573a66 elementor-widget__width-inherit elementor-widget elementor-widget-heading\" data-id=\"55573a66\" data-element_type=\"widget\" data-widget_type=\"heading.default\">\n\t\t\t\t<div class=\"elementor-widget-container\">\n\t\t\t\t\t<h1 class=\"elementor-heading-title elementor-size-default\">Sabofer, nouveau artisan apporteur<\/h1>\t\t\t\t<\/div>\n\t\t\t\t<\/div>\n\t\t\t\t<div class=\"elementor-element elementor-element-aa13ae9 elementor-widget elementor-widget-text-editor\" data-id=\"aa13ae9\" data-element_type=\"widget\" data-widget_type=\"text-editor.default\">\n\t\t\t\t<div class=\"elementor-widget-container\">\n\t\t\t\t\t\t\t\t\t18 aout 2025\t\t\t\t\t\t\t\t<\/div>\n\t\t\t\t<\/div>\n\t\t\t\t<div class=\"elementor-element elementor-element-370c4eea elementor-widget elementor-widget-text-editor\" data-id=\"370c4eea\" data-element_type=\"widget\" data-widget_type=\"text-editor.default\">\n\t\t\t\t<div class=\"elementor-widget-container\">\n\t\t\t\t\t\t\t\t\t<p>L\u2019atelier SABOFER est n\u00e9e au d\u00e9but des ann\u00e9es quatre-vingt-dix sur les traces de la tradition familiale de Mauro Savin, qui a commenc\u00e9 son activit\u00e9 de forgeron \u00e0 14 ans comme apprenti dans l\u2019atelier de son p\u00e8re Luciano, forgeron connu. Parmi les principales cr\u00e9ations de SABOFER il y a des enseignes, des balustrades, des portails, des objets de d\u00e9coration, des armes et des armures anciennes, mais Mauro se distingue surtout par les Coquettes et les Dodues, des cloches prestigieuses construites avec savoir-faire artisanal et comp\u00e9tence musicale. Chaque r\u00e9alisation na\u00eet d\u2019une recherche historique m\u00e9ticuleuse et d\u2019une reproduction fid\u00e8le de techniques anciennes, facteurs d\u00e9cisifs pour rendre les \u0153uvres des pi\u00e8ces uniques.<\/p>\t\t\t\t\t\t\t\t<\/div>\n\t\t\t\t<\/div>\n\t\t\t\t<\/div>\n\t\t\t\t\t<\/div>\n\t\t\t\t<\/div>\n\t\t\t\t<\/div>\n\t\t","protected":false},"excerpt":{"rendered":"<p>Ses sonnailles sont en vente dans nos magasins<\/p>\n","protected":false},"author":10,"featured_media":30616,"comment_status":"closed","ping_status":"closed","sticky":false,"template":"","format":"standard","meta":{"_acf_changed":false,"footnotes":""},"categories":[399],"tags":[],"class_list":["post-31342","post","type-post","status-publish","format-standard","has-post-thumbnail","hentry","category-boutiques"],"acf":[],"yoast_head":"<!-- This site is optimized with the Yoast SEO plugin v27.2 - https:\/\/yoast.com\/product\/yoast-seo-wordpress\/ -->\n<title>Sabofer, nouveau artisan apporteur - L&#039;artisana<\/title>\n<meta name=\"robots\" content=\"index, follow, max-snippet:-1, max-image-preview:large, max-video-preview:-1\" \/>\n<link rel=\"canonical\" href=\"https:\/\/lartisana.vda.it\/fr\/boutiques\/sabofer-nouveau-artisan-apporteur\/\" \/>\n<meta property=\"og:locale\" content=\"fr_FR\" \/>\n<meta property=\"og:type\" content=\"article\" \/>\n<meta property=\"og:title\" content=\"Sabofer, nouveau artisan apporteur - L&#039;artisana\" \/>\n<meta property=\"og:description\" content=\"Ses sonnailles sont en vente dans nos magasins\" \/>\n<meta property=\"og:url\" content=\"https:\/\/lartisana.vda.it\/fr\/boutiques\/sabofer-nouveau-artisan-apporteur\/\" \/>\n<meta property=\"og:site_name\" content=\"L&#039;artisana\" \/>\n<meta property=\"article:published_time\" content=\"2025-08-18T07:48:00+00:00\" \/>\n<meta property=\"article:modified_time\" content=\"2025-08-18T07:52:08+00:00\" \/>\n<meta property=\"og:image\" content=\"https:\/\/lartisana.vda.it\/wp-content\/uploads\/2025\/07\/SABOFER-hd.jpg\" \/>\n\t<meta property=\"og:image:width\" content=\"1920\" \/>\n\t<meta property=\"og:image:height\" content=\"1282\" \/>\n\t<meta property=\"og:image:type\" content=\"image\/jpeg\" \/>\n<meta name=\"author\" content=\"Luce Pastoret\" \/>\n<meta name=\"twitter:card\" content=\"summary_large_image\" \/>\n<meta name=\"twitter:label1\" content=\"\u00c9crit par\" \/>\n\t<meta name=\"twitter:data1\" content=\"Luce Pastoret\" \/>\n\t<meta name=\"twitter:label2\" content=\"Dur\u00e9e de lecture estim\u00e9e\" \/>\n\t<meta name=\"twitter:data2\" content=\"1 minute\" \/>\n<script type=\"application\/ld+json\" class=\"yoast-schema-graph\">{\"@context\":\"https:\/\/schema.org\",\"@graph\":[{\"@type\":\"Article\",\"@id\":\"https:\/\/lartisana.vda.it\/fr\/boutiques\/sabofer-nouveau-artisan-apporteur\/#article\",\"isPartOf\":{\"@id\":\"https:\/\/lartisana.vda.it\/fr\/boutiques\/sabofer-nouveau-artisan-apporteur\/\"},\"author\":{\"name\":\"Luce Pastoret\",\"@id\":\"https:\/\/lartisana.vda.it\/fr\/#\/schema\/person\/ab590a3d0fa5714eca7b6c40367e7940\"},\"headline\":\"Sabofer, nouveau artisan apporteur\",\"datePublished\":\"2025-08-18T07:48:00+00:00\",\"dateModified\":\"2025-08-18T07:52:08+00:00\",\"mainEntityOfPage\":{\"@id\":\"https:\/\/lartisana.vda.it\/fr\/boutiques\/sabofer-nouveau-artisan-apporteur\/\"},\"wordCount\":127,\"publisher\":{\"@id\":\"https:\/\/lartisana.vda.it\/fr\/#organization\"},\"image\":{\"@id\":\"https:\/\/lartisana.vda.it\/fr\/boutiques\/sabofer-nouveau-artisan-apporteur\/#primaryimage\"},\"thumbnailUrl\":\"https:\/\/lartisana.vda.it\/wp-content\/uploads\/2025\/07\/SABOFER-hd.jpg\",\"articleSection\":[\"Boutiques\"],\"inLanguage\":\"fr-FR\"},{\"@type\":\"WebPage\",\"@id\":\"https:\/\/lartisana.vda.it\/fr\/boutiques\/sabofer-nouveau-artisan-apporteur\/\",\"url\":\"https:\/\/lartisana.vda.it\/fr\/boutiques\/sabofer-nouveau-artisan-apporteur\/\",\"name\":\"Sabofer, nouveau artisan apporteur - L&#039;artisana\",\"isPartOf\":{\"@id\":\"https:\/\/lartisana.vda.it\/fr\/#website\"},\"primaryImageOfPage\":{\"@id\":\"https:\/\/lartisana.vda.it\/fr\/boutiques\/sabofer-nouveau-artisan-apporteur\/#primaryimage\"},\"image\":{\"@id\":\"https:\/\/lartisana.vda.it\/fr\/boutiques\/sabofer-nouveau-artisan-apporteur\/#primaryimage\"},\"thumbnailUrl\":\"https:\/\/lartisana.vda.it\/wp-content\/uploads\/2025\/07\/SABOFER-hd.jpg\",\"datePublished\":\"2025-08-18T07:48:00+00:00\",\"dateModified\":\"2025-08-18T07:52:08+00:00\",\"breadcrumb\":{\"@id\":\"https:\/\/lartisana.vda.it\/fr\/boutiques\/sabofer-nouveau-artisan-apporteur\/#breadcrumb\"},\"inLanguage\":\"fr-FR\",\"potentialAction\":[{\"@type\":\"ReadAction\",\"target\":[\"https:\/\/lartisana.vda.it\/fr\/boutiques\/sabofer-nouveau-artisan-apporteur\/\"]}]},{\"@type\":\"ImageObject\",\"inLanguage\":\"fr-FR\",\"@id\":\"https:\/\/lartisana.vda.it\/fr\/boutiques\/sabofer-nouveau-artisan-apporteur\/#primaryimage\",\"url\":\"https:\/\/lartisana.vda.it\/wp-content\/uploads\/2025\/07\/SABOFER-hd.jpg\",\"contentUrl\":\"https:\/\/lartisana.vda.it\/wp-content\/uploads\/2025\/07\/SABOFER-hd.jpg\",\"width\":1920,\"height\":1282},{\"@type\":\"BreadcrumbList\",\"@id\":\"https:\/\/lartisana.vda.it\/fr\/boutiques\/sabofer-nouveau-artisan-apporteur\/#breadcrumb\",\"itemListElement\":[{\"@type\":\"ListItem\",\"position\":1,\"name\":\"Home\",\"item\":\"https:\/\/lartisana.vda.it\/fr\/\"},{\"@type\":\"ListItem\",\"position\":2,\"name\":\"Boutiques\",\"item\":\"https:\/\/lartisana.vda.it\/fr\/category\/boutiques\/\"},{\"@type\":\"ListItem\",\"position\":3,\"name\":\"Sabofer, nouveau artisan apporteur\"}]},{\"@type\":\"WebSite\",\"@id\":\"https:\/\/lartisana.vda.it\/fr\/#website\",\"url\":\"https:\/\/lartisana.vda.it\/fr\/\",\"name\":\"L&#039;artisana\",\"description\":\"\",\"publisher\":{\"@id\":\"https:\/\/lartisana.vda.it\/fr\/#organization\"},\"potentialAction\":[{\"@type\":\"SearchAction\",\"target\":{\"@type\":\"EntryPoint\",\"urlTemplate\":\"https:\/\/lartisana.vda.it\/fr\/?s={search_term_string}\"},\"query-input\":{\"@type\":\"PropertyValueSpecification\",\"valueRequired\":true,\"valueName\":\"search_term_string\"}}],\"inLanguage\":\"fr-FR\"},{\"@type\":\"Organization\",\"@id\":\"https:\/\/lartisana.vda.it\/fr\/#organization\",\"name\":\"L'artisana\",\"url\":\"https:\/\/lartisana.vda.it\/fr\/\",\"logo\":{\"@type\":\"ImageObject\",\"inLanguage\":\"fr-FR\",\"@id\":\"https:\/\/lartisana.vda.it\/fr\/#\/schema\/logo\/image\/\",\"url\":\"https:\/\/lartisana.vda.it\/wp-content\/uploads\/2024\/02\/Logo-lartisana-new.png\",\"contentUrl\":\"https:\/\/lartisana.vda.it\/wp-content\/uploads\/2024\/02\/Logo-lartisana-new.png\",\"width\":245,\"height\":70,\"caption\":\"L'artisana\"},\"image\":{\"@id\":\"https:\/\/lartisana.vda.it\/fr\/#\/schema\/logo\/image\/\"}},{\"@type\":\"Person\",\"@id\":\"https:\/\/lartisana.vda.it\/fr\/#\/schema\/person\/ab590a3d0fa5714eca7b6c40367e7940\",\"name\":\"Luce Pastoret\",\"url\":\"https:\/\/lartisana.vda.it\/fr\/author\/94a7e1e1b6e75f31\/\"}]}<\/script>\n<!-- \/ Yoast SEO plugin. -->","yoast_head_json":{"title":"Sabofer, nouveau artisan apporteur - L&#039;artisana","robots":{"index":"index","follow":"follow","max-snippet":"max-snippet:-1","max-image-preview":"max-image-preview:large","max-video-preview":"max-video-preview:-1"},"canonical":"https:\/\/lartisana.vda.it\/fr\/boutiques\/sabofer-nouveau-artisan-apporteur\/","og_locale":"fr_FR","og_type":"article","og_title":"Sabofer, nouveau artisan apporteur - L&#039;artisana","og_description":"Ses sonnailles sont en vente dans nos magasins","og_url":"https:\/\/lartisana.vda.it\/fr\/boutiques\/sabofer-nouveau-artisan-apporteur\/","og_site_name":"L&#039;artisana","article_published_time":"2025-08-18T07:48:00+00:00","article_modified_time":"2025-08-18T07:52:08+00:00","og_image":[{"width":1920,"height":1282,"url":"https:\/\/lartisana.vda.it\/wp-content\/uploads\/2025\/07\/SABOFER-hd.jpg","type":"image\/jpeg"}],"author":"Luce Pastoret","twitter_card":"summary_large_image","twitter_misc":{"\u00c9crit par":"Luce Pastoret","Dur\u00e9e de lecture estim\u00e9e":"1 minute"},"schema":{"@context":"https:\/\/schema.org","@graph":[{"@type":"Article","@id":"https:\/\/lartisana.vda.it\/fr\/boutiques\/sabofer-nouveau-artisan-apporteur\/#article","isPartOf":{"@id":"https:\/\/lartisana.vda.it\/fr\/boutiques\/sabofer-nouveau-artisan-apporteur\/"},"author":{"name":"Luce Pastoret","@id":"https:\/\/lartisana.vda.it\/fr\/#\/schema\/person\/ab590a3d0fa5714eca7b6c40367e7940"},"headline":"Sabofer, nouveau artisan apporteur","datePublished":"2025-08-18T07:48:00+00:00","dateModified":"2025-08-18T07:52:08+00:00","mainEntityOfPage":{"@id":"https:\/\/lartisana.vda.it\/fr\/boutiques\/sabofer-nouveau-artisan-apporteur\/"},"wordCount":127,"publisher":{"@id":"https:\/\/lartisana.vda.it\/fr\/#organization"},"image":{"@id":"https:\/\/lartisana.vda.it\/fr\/boutiques\/sabofer-nouveau-artisan-apporteur\/#primaryimage"},"thumbnailUrl":"https:\/\/lartisana.vda.it\/wp-content\/uploads\/2025\/07\/SABOFER-hd.jpg","articleSection":["Boutiques"],"inLanguage":"fr-FR"},{"@type":"WebPage","@id":"https:\/\/lartisana.vda.it\/fr\/boutiques\/sabofer-nouveau-artisan-apporteur\/","url":"https:\/\/lartisana.vda.it\/fr\/boutiques\/sabofer-nouveau-artisan-apporteur\/","name":"Sabofer, nouveau artisan apporteur - L&#039;artisana","isPartOf":{"@id":"https:\/\/lartisana.vda.it\/fr\/#website"},"primaryImageOfPage":{"@id":"https:\/\/lartisana.vda.it\/fr\/boutiques\/sabofer-nouveau-artisan-apporteur\/#primaryimage"},"image":{"@id":"https:\/\/lartisana.vda.it\/fr\/boutiques\/sabofer-nouveau-artisan-apporteur\/#primaryimage"},"thumbnailUrl":"https:\/\/lartisana.vda.it\/wp-content\/uploads\/2025\/07\/SABOFER-hd.jpg","datePublished":"2025-08-18T07:48:00+00:00","dateModified":"2025-08-18T07:52:08+00:00","breadcrumb":{"@id":"https:\/\/lartisana.vda.it\/fr\/boutiques\/sabofer-nouveau-artisan-apporteur\/#breadcrumb"},"inLanguage":"fr-FR","potentialAction":[{"@type":"ReadAction","target":["https:\/\/lartisana.vda.it\/fr\/boutiques\/sabofer-nouveau-artisan-apporteur\/"]}]},{"@type":"ImageObject","inLanguage":"fr-FR","@id":"https:\/\/lartisana.vda.it\/fr\/boutiques\/sabofer-nouveau-artisan-apporteur\/#primaryimage","url":"https:\/\/lartisana.vda.it\/wp-content\/uploads\/2025\/07\/SABOFER-hd.jpg","contentUrl":"https:\/\/lartisana.vda.it\/wp-content\/uploads\/2025\/07\/SABOFER-hd.jpg","width":1920,"height":1282},{"@type":"BreadcrumbList","@id":"https:\/\/lartisana.vda.it\/fr\/boutiques\/sabofer-nouveau-artisan-apporteur\/#breadcrumb","itemListElement":[{"@type":"ListItem","position":1,"name":"Home","item":"https:\/\/lartisana.vda.it\/fr\/"},{"@type":"ListItem","position":2,"name":"Boutiques","item":"https:\/\/lartisana.vda.it\/fr\/category\/boutiques\/"},{"@type":"ListItem","position":3,"name":"Sabofer, nouveau artisan apporteur"}]},{"@type":"WebSite","@id":"https:\/\/lartisana.vda.it\/fr\/#website","url":"https:\/\/lartisana.vda.it\/fr\/","name":"L&#039;artisana","description":"","publisher":{"@id":"https:\/\/lartisana.vda.it\/fr\/#organization"},"potentialAction":[{"@type":"SearchAction","target":{"@type":"EntryPoint","urlTemplate":"https:\/\/lartisana.vda.it\/fr\/?s={search_term_string}"},"query-input":{"@type":"PropertyValueSpecification","valueRequired":true,"valueName":"search_term_string"}}],"inLanguage":"fr-FR"},{"@type":"Organization","@id":"https:\/\/lartisana.vda.it\/fr\/#organization","name":"L'artisana","url":"https:\/\/lartisana.vda.it\/fr\/","logo":{"@type":"ImageObject","inLanguage":"fr-FR","@id":"https:\/\/lartisana.vda.it\/fr\/#\/schema\/logo\/image\/","url":"https:\/\/lartisana.vda.it\/wp-content\/uploads\/2024\/02\/Logo-lartisana-new.png","contentUrl":"https:\/\/lartisana.vda.it\/wp-content\/uploads\/2024\/02\/Logo-lartisana-new.png","width":245,"height":70,"caption":"L'artisana"},"image":{"@id":"https:\/\/lartisana.vda.it\/fr\/#\/schema\/logo\/image\/"}},{"@type":"Person","@id":"https:\/\/lartisana.vda.it\/fr\/#\/schema\/person\/ab590a3d0fa5714eca7b6c40367e7940","name":"Luce Pastoret","url":"https:\/\/lartisana.vda.it\/fr\/author\/94a7e1e1b6e75f31\/"}]}},"_links":{"self":[{"href":"https:\/\/lartisana.vda.it\/fr\/wp-json\/wp\/v2\/posts\/31342","targetHints":{"allow":["GET"]}}],"collection":[{"href":"https:\/\/lartisana.vda.it\/fr\/wp-json\/wp\/v2\/posts"}],"about":[{"href":"https:\/\/lartisana.vda.it\/fr\/wp-json\/wp\/v2\/types\/post"}],"author":[{"embeddable":true,"href":"https:\/\/lartisana.vda.it\/fr\/wp-json\/wp\/v2\/users\/10"}],"replies":[{"embeddable":true,"href":"https:\/\/lartisana.vda.it\/fr\/wp-json\/wp\/v2\/comments?post=31342"}],"version-history":[{"count":4,"href":"https:\/\/lartisana.vda.it\/fr\/wp-json\/wp\/v2\/posts\/31342\/revisions"}],"predecessor-version":[{"id":31354,"href":"https:\/\/lartisana.vda.it\/fr\/wp-json\/wp\/v2\/posts\/31342\/revisions\/31354"}],"wp:featuredmedia":[{"embeddable":true,"href":"https:\/\/lartisana.vda.it\/fr\/wp-json\/wp\/v2\/media\/30616"}],"wp:attachment":[{"href":"https:\/\/lartisana.vda.it\/fr\/wp-json\/wp\/v2\/media?parent=31342"}],"wp:term":[{"taxonomy":"category","embeddable":true,"href":"https:\/\/lartisana.vda.it\/fr\/wp-json\/wp\/v2\/categories?post=31342"},{"taxonomy":"post_tag","embeddable":true,"href":"https:\/\/lartisana.vda.it\/fr\/wp-json\/wp\/v2\/tags?post=31342"}],"curies":[{"name":"wp","href":"https:\/\/api.w.org\/{rel}","templated":true}]}}