{"id":28836,"date":"2025-03-26T16:21:10","date_gmt":"2025-03-26T15:21:10","guid":{"rendered":"https:\/\/lartisana.vda.it\/?p=28836"},"modified":"2025-03-26T16:41:52","modified_gmt":"2025-03-26T15:41:52","slug":"paques-de-culture","status":"publish","type":"post","link":"https:\/\/lartisana.vda.it\/fr\/evenements\/paques-de-culture\/","title":{"rendered":"P\u00e2ques de Culture"},"content":{"rendered":"\t\t<div data-elementor-type=\"wp-post\" data-elementor-id=\"28836\" class=\"elementor elementor-28836 elementor-28825\" data-elementor-post-type=\"post\">\n\t\t\t\t<div class=\"elementor-element elementor-element-dc78512 e-flex e-con-boxed e-con e-parent\" data-id=\"dc78512\" data-element_type=\"container\">\n\t\t\t\t\t<div class=\"e-con-inner\">\n\t\t<div class=\"elementor-element elementor-element-87b2ab8 e-con-full e-flex e-con e-child\" data-id=\"87b2ab8\" data-element_type=\"container\" data-settings=\"{&quot;background_background&quot;:&quot;classic&quot;}\">\n\t\t\t\t<div class=\"elementor-element elementor-element-24f7f4f elementor-widget__width-inherit elementor-widget elementor-widget-heading\" data-id=\"24f7f4f\" data-element_type=\"widget\" data-widget_type=\"heading.default\">\n\t\t\t\t<div class=\"elementor-widget-container\">\n\t\t\t\t\t<h1 class=\"elementor-heading-title elementor-size-default\">P\u00e2ques de Culture<\/h1>\t\t\t\t<\/div>\n\t\t\t\t<\/div>\n\t\t\t\t<div class=\"elementor-element elementor-element-95d6146 elementor-widget elementor-widget-text-editor\" data-id=\"95d6146\" data-element_type=\"widget\" data-widget_type=\"text-editor.default\">\n\t\t\t\t<div class=\"elementor-widget-container\">\n\t\t\t\t\t\t\t\t\tDu 19 au 21 avril 2025\t\t\t\t\t\t\t\t<\/div>\n\t\t\t\t<\/div>\n\t\t\t\t<div class=\"elementor-element elementor-element-a8464a3 elementor-widget elementor-widget-text-editor\" data-id=\"a8464a3\" data-element_type=\"widget\" data-widget_type=\"text-editor.default\">\n\t\t\t\t<div class=\"elementor-widget-container\">\n\t\t\t\t\t\t\t\t\t<p data-start=\"161\" data-end=\"563\">\u00c0 P\u00e2ques et le lundi de P\u00e2ques, le MAV est ouvert au public pour offrir \u00e0 tous l&rsquo;opportunit\u00e9 de d\u00e9couvrir la beaut\u00e9 et la richesse de l&rsquo;artisanat vald\u00f4tain.<br \/>De plus, le samedi 19 avril, deux ateliers th\u00e9matiques avec \u00ab\u00a0Pascal le lapin\u00a0\u00bb sont pr\u00e9vus pour les plus petits.<\/p><p data-start=\"565\" data-end=\"787\" data-is-last-node=\"\" data-is-only-node=\"\">Pour r\u00e9server les activit\u00e9es p\u00e9dagogiques <a href=\"https:\/\/lartisana.vda.it\/eventi-tela\/pasquale-il-coniglio-laboratorio-mav\">cliquez ici<\/a><\/p>\t\t\t\t\t\t\t\t<\/div>\n\t\t\t\t<\/div>\n\t\t\t\t<\/div>\n\t\t\t\t\t<\/div>\n\t\t\t\t<\/div>\n\t\t\t\t<\/div>\n\t\t","protected":false},"excerpt":{"rendered":"<p>Pendant le week-end de P\u00e2ques, le MAV est ouvert au public et propose des activit\u00e9s th\u00e9matiques pour les plus petits.<\/p>\n","protected":false},"author":8,"featured_media":28828,"comment_status":"closed","ping_status":"closed","sticky":false,"template":"","format":"standard","meta":{"_acf_changed":false,"footnotes":""},"categories":[395],"tags":[],"class_list":["post-28836","post","type-post","status-publish","format-standard","has-post-thumbnail","hentry","category-evenements"],"acf":[],"yoast_head":"<!-- This site is optimized with the Yoast SEO plugin v27.2 - https:\/\/yoast.com\/product\/yoast-seo-wordpress\/ -->\n<title>P\u00e2ques de Culture - L&#039;artisana<\/title>\n<meta name=\"robots\" content=\"index, follow, max-snippet:-1, max-image-preview:large, max-video-preview:-1\" \/>\n<link rel=\"canonical\" href=\"https:\/\/lartisana.vda.it\/fr\/evenements\/paques-de-culture\/\" \/>\n<meta property=\"og:locale\" content=\"fr_FR\" \/>\n<meta property=\"og:type\" content=\"article\" \/>\n<meta property=\"og:title\" content=\"P\u00e2ques de Culture - L&#039;artisana\" \/>\n<meta property=\"og:description\" content=\"Pendant le week-end de P\u00e2ques, le MAV est ouvert au public et propose des activit\u00e9s th\u00e9matiques pour les plus petits.\" \/>\n<meta property=\"og:url\" content=\"https:\/\/lartisana.vda.it\/fr\/evenements\/paques-de-culture\/\" \/>\n<meta property=\"og:site_name\" content=\"L&#039;artisana\" \/>\n<meta property=\"article:published_time\" content=\"2025-03-26T15:21:10+00:00\" \/>\n<meta property=\"article:modified_time\" content=\"2025-03-26T15:41:52+00:00\" \/>\n<meta property=\"og:image\" content=\"https:\/\/lartisana.vda.it\/wp-content\/uploads\/2025\/03\/20250217_160159.jpg\" \/>\n\t<meta property=\"og:image:width\" content=\"1920\" \/>\n\t<meta property=\"og:image:height\" content=\"1440\" \/>\n\t<meta property=\"og:image:type\" content=\"image\/jpeg\" \/>\n<meta name=\"author\" content=\"Alessia Duroux\" \/>\n<meta name=\"twitter:card\" content=\"summary_large_image\" \/>\n<meta name=\"twitter:label1\" content=\"\u00c9crit par\" \/>\n\t<meta name=\"twitter:data1\" content=\"Alessia Duroux\" \/>\n\t<meta name=\"twitter:label2\" content=\"Dur\u00e9e de lecture estim\u00e9e\" \/>\n\t<meta name=\"twitter:data2\" content=\"1 minute\" \/>\n<script type=\"application\/ld+json\" class=\"yoast-schema-graph\">{\"@context\":\"https:\/\/schema.org\",\"@graph\":[{\"@type\":\"Article\",\"@id\":\"https:\/\/lartisana.vda.it\/fr\/evenements\/paques-de-culture\/#article\",\"isPartOf\":{\"@id\":\"https:\/\/lartisana.vda.it\/fr\/evenements\/paques-de-culture\/\"},\"author\":{\"name\":\"Alessia Duroux\",\"@id\":\"https:\/\/lartisana.vda.it\/fr\/#\/schema\/person\/e0845bec8b31b545d7557dae43fd6736\"},\"headline\":\"P\u00e2ques de Culture\",\"datePublished\":\"2025-03-26T15:21:10+00:00\",\"dateModified\":\"2025-03-26T15:41:52+00:00\",\"mainEntityOfPage\":{\"@id\":\"https:\/\/lartisana.vda.it\/fr\/evenements\/paques-de-culture\/\"},\"wordCount\":66,\"publisher\":{\"@id\":\"https:\/\/lartisana.vda.it\/fr\/#organization\"},\"image\":{\"@id\":\"https:\/\/lartisana.vda.it\/fr\/evenements\/paques-de-culture\/#primaryimage\"},\"thumbnailUrl\":\"https:\/\/lartisana.vda.it\/wp-content\/uploads\/2025\/03\/20250217_160159.jpg\",\"articleSection\":[\"Ev\u00e9nements\"],\"inLanguage\":\"fr-FR\"},{\"@type\":\"WebPage\",\"@id\":\"https:\/\/lartisana.vda.it\/fr\/evenements\/paques-de-culture\/\",\"url\":\"https:\/\/lartisana.vda.it\/fr\/evenements\/paques-de-culture\/\",\"name\":\"P\u00e2ques de Culture - L&#039;artisana\",\"isPartOf\":{\"@id\":\"https:\/\/lartisana.vda.it\/fr\/#website\"},\"primaryImageOfPage\":{\"@id\":\"https:\/\/lartisana.vda.it\/fr\/evenements\/paques-de-culture\/#primaryimage\"},\"image\":{\"@id\":\"https:\/\/lartisana.vda.it\/fr\/evenements\/paques-de-culture\/#primaryimage\"},\"thumbnailUrl\":\"https:\/\/lartisana.vda.it\/wp-content\/uploads\/2025\/03\/20250217_160159.jpg\",\"datePublished\":\"2025-03-26T15:21:10+00:00\",\"dateModified\":\"2025-03-26T15:41:52+00:00\",\"breadcrumb\":{\"@id\":\"https:\/\/lartisana.vda.it\/fr\/evenements\/paques-de-culture\/#breadcrumb\"},\"inLanguage\":\"fr-FR\",\"potentialAction\":[{\"@type\":\"ReadAction\",\"target\":[\"https:\/\/lartisana.vda.it\/fr\/evenements\/paques-de-culture\/\"]}]},{\"@type\":\"ImageObject\",\"inLanguage\":\"fr-FR\",\"@id\":\"https:\/\/lartisana.vda.it\/fr\/evenements\/paques-de-culture\/#primaryimage\",\"url\":\"https:\/\/lartisana.vda.it\/wp-content\/uploads\/2025\/03\/20250217_160159.jpg\",\"contentUrl\":\"https:\/\/lartisana.vda.it\/wp-content\/uploads\/2025\/03\/20250217_160159.jpg\",\"width\":1920,\"height\":1440},{\"@type\":\"BreadcrumbList\",\"@id\":\"https:\/\/lartisana.vda.it\/fr\/evenements\/paques-de-culture\/#breadcrumb\",\"itemListElement\":[{\"@type\":\"ListItem\",\"position\":1,\"name\":\"Home\",\"item\":\"https:\/\/lartisana.vda.it\/fr\/\"},{\"@type\":\"ListItem\",\"position\":2,\"name\":\"Ev\u00e9nements\",\"item\":\"https:\/\/lartisana.vda.it\/fr\/category\/evenements\/\"},{\"@type\":\"ListItem\",\"position\":3,\"name\":\"P\u00e2ques de Culture\"}]},{\"@type\":\"WebSite\",\"@id\":\"https:\/\/lartisana.vda.it\/fr\/#website\",\"url\":\"https:\/\/lartisana.vda.it\/fr\/\",\"name\":\"L&#039;artisana\",\"description\":\"\",\"publisher\":{\"@id\":\"https:\/\/lartisana.vda.it\/fr\/#organization\"},\"potentialAction\":[{\"@type\":\"SearchAction\",\"target\":{\"@type\":\"EntryPoint\",\"urlTemplate\":\"https:\/\/lartisana.vda.it\/fr\/?s={search_term_string}\"},\"query-input\":{\"@type\":\"PropertyValueSpecification\",\"valueRequired\":true,\"valueName\":\"search_term_string\"}}],\"inLanguage\":\"fr-FR\"},{\"@type\":\"Organization\",\"@id\":\"https:\/\/lartisana.vda.it\/fr\/#organization\",\"name\":\"L'artisana\",\"url\":\"https:\/\/lartisana.vda.it\/fr\/\",\"logo\":{\"@type\":\"ImageObject\",\"inLanguage\":\"fr-FR\",\"@id\":\"https:\/\/lartisana.vda.it\/fr\/#\/schema\/logo\/image\/\",\"url\":\"https:\/\/lartisana.vda.it\/wp-content\/uploads\/2024\/02\/Logo-lartisana-new.png\",\"contentUrl\":\"https:\/\/lartisana.vda.it\/wp-content\/uploads\/2024\/02\/Logo-lartisana-new.png\",\"width\":245,\"height\":70,\"caption\":\"L'artisana\"},\"image\":{\"@id\":\"https:\/\/lartisana.vda.it\/fr\/#\/schema\/logo\/image\/\"}},{\"@type\":\"Person\",\"@id\":\"https:\/\/lartisana.vda.it\/fr\/#\/schema\/person\/e0845bec8b31b545d7557dae43fd6736\",\"name\":\"Alessia Duroux\",\"url\":\"https:\/\/lartisana.vda.it\/fr\/author\/d0b37606e0935bd9\/\"}]}<\/script>\n<!-- \/ Yoast SEO plugin. -->","yoast_head_json":{"title":"P\u00e2ques de Culture - L&#039;artisana","robots":{"index":"index","follow":"follow","max-snippet":"max-snippet:-1","max-image-preview":"max-image-preview:large","max-video-preview":"max-video-preview:-1"},"canonical":"https:\/\/lartisana.vda.it\/fr\/evenements\/paques-de-culture\/","og_locale":"fr_FR","og_type":"article","og_title":"P\u00e2ques de Culture - L&#039;artisana","og_description":"Pendant le week-end de P\u00e2ques, le MAV est ouvert au public et propose des activit\u00e9s th\u00e9matiques pour les plus petits.","og_url":"https:\/\/lartisana.vda.it\/fr\/evenements\/paques-de-culture\/","og_site_name":"L&#039;artisana","article_published_time":"2025-03-26T15:21:10+00:00","article_modified_time":"2025-03-26T15:41:52+00:00","og_image":[{"width":1920,"height":1440,"url":"https:\/\/lartisana.vda.it\/wp-content\/uploads\/2025\/03\/20250217_160159.jpg","type":"image\/jpeg"}],"author":"Alessia Duroux","twitter_card":"summary_large_image","twitter_misc":{"\u00c9crit par":"Alessia Duroux","Dur\u00e9e de lecture estim\u00e9e":"1 minute"},"schema":{"@context":"https:\/\/schema.org","@graph":[{"@type":"Article","@id":"https:\/\/lartisana.vda.it\/fr\/evenements\/paques-de-culture\/#article","isPartOf":{"@id":"https:\/\/lartisana.vda.it\/fr\/evenements\/paques-de-culture\/"},"author":{"name":"Alessia Duroux","@id":"https:\/\/lartisana.vda.it\/fr\/#\/schema\/person\/e0845bec8b31b545d7557dae43fd6736"},"headline":"P\u00e2ques de Culture","datePublished":"2025-03-26T15:21:10+00:00","dateModified":"2025-03-26T15:41:52+00:00","mainEntityOfPage":{"@id":"https:\/\/lartisana.vda.it\/fr\/evenements\/paques-de-culture\/"},"wordCount":66,"publisher":{"@id":"https:\/\/lartisana.vda.it\/fr\/#organization"},"image":{"@id":"https:\/\/lartisana.vda.it\/fr\/evenements\/paques-de-culture\/#primaryimage"},"thumbnailUrl":"https:\/\/lartisana.vda.it\/wp-content\/uploads\/2025\/03\/20250217_160159.jpg","articleSection":["Ev\u00e9nements"],"inLanguage":"fr-FR"},{"@type":"WebPage","@id":"https:\/\/lartisana.vda.it\/fr\/evenements\/paques-de-culture\/","url":"https:\/\/lartisana.vda.it\/fr\/evenements\/paques-de-culture\/","name":"P\u00e2ques de Culture - L&#039;artisana","isPartOf":{"@id":"https:\/\/lartisana.vda.it\/fr\/#website"},"primaryImageOfPage":{"@id":"https:\/\/lartisana.vda.it\/fr\/evenements\/paques-de-culture\/#primaryimage"},"image":{"@id":"https:\/\/lartisana.vda.it\/fr\/evenements\/paques-de-culture\/#primaryimage"},"thumbnailUrl":"https:\/\/lartisana.vda.it\/wp-content\/uploads\/2025\/03\/20250217_160159.jpg","datePublished":"2025-03-26T15:21:10+00:00","dateModified":"2025-03-26T15:41:52+00:00","breadcrumb":{"@id":"https:\/\/lartisana.vda.it\/fr\/evenements\/paques-de-culture\/#breadcrumb"},"inLanguage":"fr-FR","potentialAction":[{"@type":"ReadAction","target":["https:\/\/lartisana.vda.it\/fr\/evenements\/paques-de-culture\/"]}]},{"@type":"ImageObject","inLanguage":"fr-FR","@id":"https:\/\/lartisana.vda.it\/fr\/evenements\/paques-de-culture\/#primaryimage","url":"https:\/\/lartisana.vda.it\/wp-content\/uploads\/2025\/03\/20250217_160159.jpg","contentUrl":"https:\/\/lartisana.vda.it\/wp-content\/uploads\/2025\/03\/20250217_160159.jpg","width":1920,"height":1440},{"@type":"BreadcrumbList","@id":"https:\/\/lartisana.vda.it\/fr\/evenements\/paques-de-culture\/#breadcrumb","itemListElement":[{"@type":"ListItem","position":1,"name":"Home","item":"https:\/\/lartisana.vda.it\/fr\/"},{"@type":"ListItem","position":2,"name":"Ev\u00e9nements","item":"https:\/\/lartisana.vda.it\/fr\/category\/evenements\/"},{"@type":"ListItem","position":3,"name":"P\u00e2ques de Culture"}]},{"@type":"WebSite","@id":"https:\/\/lartisana.vda.it\/fr\/#website","url":"https:\/\/lartisana.vda.it\/fr\/","name":"L&#039;artisana","description":"","publisher":{"@id":"https:\/\/lartisana.vda.it\/fr\/#organization"},"potentialAction":[{"@type":"SearchAction","target":{"@type":"EntryPoint","urlTemplate":"https:\/\/lartisana.vda.it\/fr\/?s={search_term_string}"},"query-input":{"@type":"PropertyValueSpecification","valueRequired":true,"valueName":"search_term_string"}}],"inLanguage":"fr-FR"},{"@type":"Organization","@id":"https:\/\/lartisana.vda.it\/fr\/#organization","name":"L'artisana","url":"https:\/\/lartisana.vda.it\/fr\/","logo":{"@type":"ImageObject","inLanguage":"fr-FR","@id":"https:\/\/lartisana.vda.it\/fr\/#\/schema\/logo\/image\/","url":"https:\/\/lartisana.vda.it\/wp-content\/uploads\/2024\/02\/Logo-lartisana-new.png","contentUrl":"https:\/\/lartisana.vda.it\/wp-content\/uploads\/2024\/02\/Logo-lartisana-new.png","width":245,"height":70,"caption":"L'artisana"},"image":{"@id":"https:\/\/lartisana.vda.it\/fr\/#\/schema\/logo\/image\/"}},{"@type":"Person","@id":"https:\/\/lartisana.vda.it\/fr\/#\/schema\/person\/e0845bec8b31b545d7557dae43fd6736","name":"Alessia Duroux","url":"https:\/\/lartisana.vda.it\/fr\/author\/d0b37606e0935bd9\/"}]}},"_links":{"self":[{"href":"https:\/\/lartisana.vda.it\/fr\/wp-json\/wp\/v2\/posts\/28836","targetHints":{"allow":["GET"]}}],"collection":[{"href":"https:\/\/lartisana.vda.it\/fr\/wp-json\/wp\/v2\/posts"}],"about":[{"href":"https:\/\/lartisana.vda.it\/fr\/wp-json\/wp\/v2\/types\/post"}],"author":[{"embeddable":true,"href":"https:\/\/lartisana.vda.it\/fr\/wp-json\/wp\/v2\/users\/8"}],"replies":[{"embeddable":true,"href":"https:\/\/lartisana.vda.it\/fr\/wp-json\/wp\/v2\/comments?post=28836"}],"version-history":[{"count":10,"href":"https:\/\/lartisana.vda.it\/fr\/wp-json\/wp\/v2\/posts\/28836\/revisions"}],"predecessor-version":[{"id":28852,"href":"https:\/\/lartisana.vda.it\/fr\/wp-json\/wp\/v2\/posts\/28836\/revisions\/28852"}],"wp:featuredmedia":[{"embeddable":true,"href":"https:\/\/lartisana.vda.it\/fr\/wp-json\/wp\/v2\/media\/28828"}],"wp:attachment":[{"href":"https:\/\/lartisana.vda.it\/fr\/wp-json\/wp\/v2\/media?parent=28836"}],"wp:term":[{"taxonomy":"category","embeddable":true,"href":"https:\/\/lartisana.vda.it\/fr\/wp-json\/wp\/v2\/categories?post=28836"},{"taxonomy":"post_tag","embeddable":true,"href":"https:\/\/lartisana.vda.it\/fr\/wp-json\/wp\/v2\/tags?post=28836"}],"curies":[{"name":"wp","href":"https:\/\/api.w.org\/{rel}","templated":true}]}}